{"id":20681,"date":"2023-04-17T08:40:49","date_gmt":"2023-04-17T06:40:49","guid":{"rendered":"https:\/\/wp1.konigchain.com\/konig-reflex-edge-awarded-by-the-prestigious-if-design-sign\/"},"modified":"2025-05-06T16:41:42","modified_gmt":"2025-05-06T14:41:42","slug":"konig-reflex-edge-awarded-by-the-prestigious-if-design-sign","status":"publish","type":"post","link":"https:\/\/www.konigchain.com\/au\/konig-reflex-edge-awarded-by-the-prestigious-if-design-sign\/","title":{"rendered":"K\u00f6nig Reflex Edge awarded by the prestigious IF Design sign"},"content":{"rendered":"\n<p class=\"has-medium-font-size\" style=\"font-style:italic;font-weight:400\">It\u2019s not that common to find snow chains awarded with prestigious design prizes, the K\u00f6nig Design Team did it once again: the K\u00f6nig Reflex Edge has just been accredited with the 2023 IF Design Award.<\/p>\n\n\n\n<div style=\"height:40px\" aria-hidden=\"true\" class=\"wp-block-spacer\"><\/div>\n\n\n\n<figure class=\"wp-block-image size-large\"><img fetchpriority=\"high\" decoding=\"async\" width=\"1024\" height=\"683\" src=\"https:\/\/www.konigchain.com\/wp-content\/uploads\/2024\/05\/Konig-Reflex-Edge-IF-Design-Award-1024x683.webp\" alt=\"\" class=\"wp-image-5635\" srcset=\"https:\/\/www.konigchain.com\/wp-content\/uploads\/2024\/05\/Konig-Reflex-Edge-IF-Design-Award-1024x683.webp 1024w, https:\/\/www.konigchain.com\/wp-content\/uploads\/2024\/05\/Konig-Reflex-Edge-IF-Design-Award-300x200.webp 300w, https:\/\/www.konigchain.com\/wp-content\/uploads\/2024\/05\/Konig-Reflex-Edge-IF-Design-Award-768x512.webp 768w, https:\/\/www.konigchain.com\/wp-content\/uploads\/2024\/05\/Konig-Reflex-Edge-IF-Design-Award-1536x1024.webp 1536w, https:\/\/www.konigchain.com\/wp-content\/uploads\/2024\/05\/Konig-Reflex-Edge-IF-Design-Award.webp 1920w\" sizes=\"(max-width: 1024px) 100vw, 1024px\" \/><\/figure>\n\n\n\n<div style=\"height:40px\" aria-hidden=\"true\" class=\"wp-block-spacer\"><\/div>\n\n\n\n<p style=\"font-size:18px\">The <strong>iF DESIGN AWARD<\/strong> is one of the most prestigious design awards in the world &#8211; with almost 11,000 entries from 56 countries in 2023. Owned by the certified non-profit iF Design Foundation, which promotes design and its social significance, the iF DESIGN AWARD is truly independent.<\/p>\n\n\n\n<p style=\"font-size:18px\">It\u2019s not that common to find snow chains awarded with prestigious design prizes, the K\u00f6nig Design Team did it once again: <strong>the K\u00f6nig Reflex Edge has just been accredited with the 2023 IF Design Award.<\/strong><\/p>\n\n\n\n<div style=\"height:40px\" aria-hidden=\"true\" class=\"wp-block-spacer\"><\/div>\n\n\n\n<figure class=\"wp-block-image size-large\"><img decoding=\"async\" width=\"1024\" height=\"683\" src=\"https:\/\/www.konigchain.com\/wp-content\/uploads\/2024\/12\/Knig-Reflex-Edge_Golf_1-1024x683.jpg\" alt=\"\" class=\"wp-image-31373\" srcset=\"https:\/\/www.konigchain.com\/wp-content\/uploads\/2024\/12\/Knig-Reflex-Edge_Golf_1-1024x683.jpg 1024w, https:\/\/www.konigchain.com\/wp-content\/uploads\/2024\/12\/Knig-Reflex-Edge_Golf_1-768x512.jpg 768w, https:\/\/www.konigchain.com\/wp-content\/uploads\/2024\/12\/Knig-Reflex-Edge_Golf_1-1536x1024.jpg 1536w, https:\/\/www.konigchain.com\/wp-content\/uploads\/2024\/12\/Knig-Reflex-Edge_Golf_1.jpg 1920w\" sizes=\"(max-width: 1024px) 100vw, 1024px\" \/><\/figure>\n\n\n\n<div style=\"height:40px\" aria-hidden=\"true\" class=\"wp-block-spacer\"><\/div>\n\n\n\n<p style=\"font-size:18px\">In fact, the K\u00f6nig Reflex Edge does not look like the typical snow chains people have in mind: it represents a completely new and revolutionary traction device, making snow chain fitting operations like a breeze, even on cars affected by restricted wheelhouses.<\/p>\n\n\n\n<div style=\"height:40px\" aria-hidden=\"true\" class=\"wp-block-spacer\"><\/div>\n\n\n\n<div class=\"wp-block-media-text is-stacked-on-mobile is-image-fill-element\"><figure class=\"wp-block-media-text__media\"><img decoding=\"async\" width=\"683\" height=\"1024\" src=\"https:\/\/www.konigchain.com\/wp-content\/uploads\/2025\/01\/KONIG_Reflex-Edge_Peugeot_208_2-683x1024.jpg\" alt=\"\" class=\"wp-image-53999 size-full\" style=\"object-position:50% 90%\" srcset=\"https:\/\/www.konigchain.com\/wp-content\/uploads\/2025\/01\/KONIG_Reflex-Edge_Peugeot_208_2-683x1024.jpg 683w, https:\/\/www.konigchain.com\/wp-content\/uploads\/2025\/01\/KONIG_Reflex-Edge_Peugeot_208_2-768x1152.jpg 768w, https:\/\/www.konigchain.com\/wp-content\/uploads\/2025\/01\/KONIG_Reflex-Edge_Peugeot_208_2-1024x1536.jpg 1024w, https:\/\/www.konigchain.com\/wp-content\/uploads\/2025\/01\/KONIG_Reflex-Edge_Peugeot_208_2-1365x2048.jpg 1365w, https:\/\/www.konigchain.com\/wp-content\/uploads\/2025\/01\/KONIG_Reflex-Edge_Peugeot_208_2-scaled.jpg 1707w\" sizes=\"(max-width: 683px) 100vw, 683px\" \/><\/figure><div class=\"wp-block-media-text__content\">\n<p style=\"font-size:18px\">The design is based on a form-follows-function approach. All the elements handled by the user during fitting\/demounting operations are manufactured in soft-touch materials, the double-arch design allows the micro-cable to slide through, allowing all the chains parts to be tensioned by acting exclusively on the outer Reflex Box trigger. Additionally, the double-arch design lacks the typical steel side chains, providing a way better integration between the snow chain and the rim itself.<\/p>\n<\/div><\/div>\n\n\n\n<div style=\"height:40px\" aria-hidden=\"true\" class=\"wp-block-spacer\"><\/div>\n\n\n\n<p style=\"font-size:18px\">Not only the K\u00f6nig Reflex Edge features a unique design, but it makes the fitting of snow chains sensibly easier.<\/p>\n\n\n\n<p style=\"font-size:18px\">Thanks to the innovative and ground-breaking concept, the chain comes from the factory as ready-to-go, it does not require any tool and it avoids, from user&#8217;s side, all the typical hooking and unhooking operations which might sound uncomfortable when temperatures are low out there.<\/p>\n\n\n\n<p style=\"font-size:18px\">The fitting procedure requires the user just to stretch the external arch first, then do the same on the internal side and, once reached the maximum extension, simply fit it over the tyre. That literally reminds the fitting of a beanie on the head.<\/p>\n\n\n\n<div style=\"height:40px\" aria-hidden=\"true\" class=\"wp-block-spacer\"><\/div>\n\n\n\n<figure class=\"wp-block-embed is-type-video is-provider-youtube wp-block-embed-youtube wp-embed-aspect-16-9 wp-has-aspect-ratio\"><div class=\"wp-block-embed__wrapper\">\n<iframe title=\"K\u00d6NIG Reflex Edge Tutorial Video\" width=\"800\" height=\"450\" src=\"https:\/\/www.youtube.com\/embed\/JftRWV-CNhI?feature=oembed\" frameborder=\"0\" allow=\"accelerometer; autoplay; clipboard-write; encrypted-media; gyroscope; picture-in-picture; web-share\" referrerpolicy=\"strict-origin-when-cross-origin\" allowfullscreen><\/iframe>\n<\/div><\/figure>\n\n\n\n<div style=\"height:40px\" aria-hidden=\"true\" class=\"wp-block-spacer\"><\/div>\n\n\n\n<p style=\"font-size:18px\">The second big news about the K\u00f6nig Reflex Edge is the tensioning device: it\u2019s the first snow chain which got designed around the Reflex Box, a completely new tensioning system.<\/p>\n\n\n\n<p style=\"font-size:18px\">Apart from being better-designed compared to the other tensioning systems available on the market, the Reflex Box is fully integrated in the snow chain design from scratch. In terms of function, the Reflex Box inner spring pulls the dedicated micro-cable, responsible of tightening of the external and the internal side of the chain. Practically, by switching the Reflex Box red trigger, the automatic tensioning gets instantly activated and the chain gets tightened at first wheel rotation. Et voil\u00e0! With just one car stop and a few seconds taken, the K\u00f6nig Reflex Edge is installed on the wheel.<\/p>\n\n\n\n<p style=\"font-size:18px\">The more the user drives, the more the chain reaches a tailored tensioning level (according to the tyre size and profile) and compared to most of the snow chains on the market, the K\u00f6nig Reflex Edge provides a super-limited lift: that\u2019s a crucial aspect for application on cars affected by wheelhouse clearance limitations.<\/p>\n\n\n\n<div style=\"height:40px\" aria-hidden=\"true\" class=\"wp-block-spacer\"><\/div>\n\n\n\n<div class=\"wp-block-media-text is-stacked-on-mobile\"><figure class=\"wp-block-media-text__media\"><img loading=\"lazy\" decoding=\"async\" width=\"1024\" height=\"922\" src=\"https:\/\/www.konigchain.com\/wp-content\/uploads\/2024\/12\/Reflex-Edge-oblique-hotspot-1024x922.webp\" alt=\"\" class=\"wp-image-31371 size-full\" srcset=\"https:\/\/www.konigchain.com\/wp-content\/uploads\/2024\/12\/Reflex-Edge-oblique-hotspot-1024x922.webp 1024w, https:\/\/www.konigchain.com\/wp-content\/uploads\/2024\/12\/Reflex-Edge-oblique-hotspot-768x691.webp 768w, https:\/\/www.konigchain.com\/wp-content\/uploads\/2024\/12\/Reflex-Edge-oblique-hotspot.webp 1500w\" sizes=\"(max-width: 1024px) 100vw, 1024px\" \/><\/figure><div class=\"wp-block-media-text__content\">\n<p style=\"font-size:18px\">All K\u00f6nig products are designed, engineered and manufactured in Europe and the K\u00f6nig Reflex Edge is no exception.<\/p>\n\n\n\n<p style=\"font-size:18px\">Launched in September 2022, the product is available at the most prestigious stores, both physical and online.<\/p>\n\n\n\n<div style=\"height:20px\" aria-hidden=\"true\" class=\"wp-block-spacer\"><\/div>\n\n\n\n<div class=\"wp-block-buttons is-layout-flex wp-block-buttons-is-layout-flex\">\n<div class=\"wp-block-button\"><a class=\"wp-block-button__link has-white-color has-vivid-cyan-blue-background-color has-text-color has-background has-link-color has-custom-font-size wp-element-button\" href=\"https:\/\/www.konigchain.com\/au\/chains\/konig-reflex-edge\/\" style=\"font-size:18px;font-style:normal;font-weight:700\">Discover K\u00f6nig Reflex Edge<\/a><\/div>\n<\/div>\n<\/div><\/div>\n","protected":false},"excerpt":{"rendered":"<p>It\u2019s not that common to find snow chains awarded with prestigious design prizes, the K\u00f6nig Design Team did it once again: the K\u00f6nig Reflex Edge has just been accredited with the 2023 IF Design Award.<\/p>\n","protected":false},"author":3,"featured_media":20682,"comment_status":"closed","ping_status":"closed","sticky":false,"template":"","format":"standard","meta":{"_acf_changed":false,"footnotes":""},"categories":[1002,833],"tags":[1003,1004,835,836,1005,837],"class_list":["post-20681","post","type-post","status-publish","format-standard","has-post-thumbnail","hentry","category-products-au","category-technology-au","tag-innovation-awards-au","tag-konig-consumer-snow-chains-au","tag-konig-reflex-cross-au","tag-konig-reflex-edge-au","tag-product-design-au","tag-snow-chain-innovation-au"],"acf":[],"yoast_head":"<!-- This site is optimized with the Yoast SEO plugin v26.8 - https:\/\/yoast.com\/product\/yoast-seo-wordpress\/ -->\n<title>K\u00f6nig Reflex Edge awarded by the prestigious IF Design sign - K\u00f6nig<\/title>\n<meta name=\"description\" content=\"It\u2019s not that common to find snow chains awarded with prestigious design prizes, the K\u00f6nig Design Team did it once again: the K\u00f6nig Reflex Edge has just been accredited with the 2023 IF Design Award.\" \/>\n<meta name=\"robots\" content=\"index, follow, max-snippet:-1, max-image-preview:large, max-video-preview:-1\" \/>\n<link rel=\"canonical\" href=\"https:\/\/www.konigchain.com\/au\/konig-reflex-edge-awarded-by-the-prestigious-if-design-sign\/\" \/>\n<meta property=\"og:locale\" content=\"en_US\" \/>\n<meta property=\"og:type\" content=\"article\" \/>\n<meta property=\"og:title\" content=\"K\u00f6nig Reflex Edge awarded by the prestigious IF Design sign - K\u00f6nig\" \/>\n<meta property=\"og:description\" content=\"It\u2019s not that common to find snow chains awarded with prestigious design prizes, the K\u00f6nig Design Team did it once again: the K\u00f6nig Reflex Edge has just been accredited with the 2023 IF Design Award.\" \/>\n<meta property=\"og:url\" content=\"https:\/\/www.konigchain.com\/au\/konig-reflex-edge-awarded-by-the-prestigious-if-design-sign\/\" \/>\n<meta property=\"og:site_name\" content=\"K\u00f6nig\" \/>\n<meta property=\"article:published_time\" content=\"2023-04-17T06:40:49+00:00\" \/>\n<meta property=\"article:modified_time\" content=\"2025-05-06T14:41:42+00:00\" \/>\n<meta property=\"og:image\" content=\"https:\/\/www.konigchain.com\/wp-content\/uploads\/2024\/05\/Konig-Reflex-Edge-IF-Design-Award.webp\" \/>\n\t<meta property=\"og:image:width\" content=\"1920\" \/>\n\t<meta property=\"og:image:height\" content=\"1280\" \/>\n\t<meta property=\"og:image:type\" content=\"image\/webp\" \/>\n<meta name=\"author\" content=\"Andrea Anghileri\" \/>\n<meta name=\"twitter:card\" content=\"summary_large_image\" \/>\n<meta name=\"twitter:label1\" content=\"Written by\" \/>\n\t<meta name=\"twitter:data1\" content=\"Andrea Anghileri\" \/>\n\t<meta name=\"twitter:label2\" content=\"Est. reading time\" \/>\n\t<meta name=\"twitter:data2\" content=\"4 minutes\" \/>\n<script type=\"application\/ld+json\" class=\"yoast-schema-graph\">{\"@context\":\"https:\/\/schema.org\",\"@graph\":[{\"@type\":\"Article\",\"@id\":\"https:\/\/www.konigchain.com\/au\/konig-reflex-edge-awarded-by-the-prestigious-if-design-sign\/#article\",\"isPartOf\":{\"@id\":\"https:\/\/www.konigchain.com\/au\/konig-reflex-edge-awarded-by-the-prestigious-if-design-sign\/\"},\"author\":{\"name\":\"Andrea Anghileri\",\"@id\":\"https:\/\/www.konigchain.com\/au\/#\/schema\/person\/4ddc5d8f1396dc7902607a08ad135055\"},\"headline\":\"K\u00f6nig Reflex Edge awarded by the prestigious IF Design sign\",\"datePublished\":\"2023-04-17T06:40:49+00:00\",\"dateModified\":\"2025-05-06T14:41:42+00:00\",\"mainEntityOfPage\":{\"@id\":\"https:\/\/www.konigchain.com\/au\/konig-reflex-edge-awarded-by-the-prestigious-if-design-sign\/\"},\"wordCount\":589,\"publisher\":{\"@id\":\"https:\/\/www.konigchain.com\/au\/#organization\"},\"image\":{\"@id\":\"https:\/\/www.konigchain.com\/au\/konig-reflex-edge-awarded-by-the-prestigious-if-design-sign\/#primaryimage\"},\"thumbnailUrl\":\"https:\/\/www.konigchain.com\/wp-content\/uploads\/2024\/05\/Konig-Reflex-Edge-IF-Design-Award.webp\",\"keywords\":[\"innovation awards\",\"K\u00f6nig consumer snow chains\",\"K\u00f6nig Reflex Cross\",\"K\u00f6nig Reflex Edge\",\"product design\",\"snow chain innovation\"],\"articleSection\":[\"Products\",\"Technology\"],\"inLanguage\":\"en-AU\"},{\"@type\":\"WebPage\",\"@id\":\"https:\/\/www.konigchain.com\/au\/konig-reflex-edge-awarded-by-the-prestigious-if-design-sign\/\",\"url\":\"https:\/\/www.konigchain.com\/au\/konig-reflex-edge-awarded-by-the-prestigious-if-design-sign\/\",\"name\":\"K\u00f6nig Reflex Edge awarded by the prestigious IF Design sign - K\u00f6nig\",\"isPartOf\":{\"@id\":\"https:\/\/www.konigchain.com\/au\/#website\"},\"primaryImageOfPage\":{\"@id\":\"https:\/\/www.konigchain.com\/au\/konig-reflex-edge-awarded-by-the-prestigious-if-design-sign\/#primaryimage\"},\"image\":{\"@id\":\"https:\/\/www.konigchain.com\/au\/konig-reflex-edge-awarded-by-the-prestigious-if-design-sign\/#primaryimage\"},\"thumbnailUrl\":\"https:\/\/www.konigchain.com\/wp-content\/uploads\/2024\/05\/Konig-Reflex-Edge-IF-Design-Award.webp\",\"datePublished\":\"2023-04-17T06:40:49+00:00\",\"dateModified\":\"2025-05-06T14:41:42+00:00\",\"description\":\"It\u2019s not that common to find snow chains awarded with prestigious design prizes, the K\u00f6nig Design Team did it once again: the K\u00f6nig Reflex Edge has just been accredited with the 2023 IF Design Award.\",\"breadcrumb\":{\"@id\":\"https:\/\/www.konigchain.com\/au\/konig-reflex-edge-awarded-by-the-prestigious-if-design-sign\/#breadcrumb\"},\"inLanguage\":\"en-AU\",\"potentialAction\":[{\"@type\":\"ReadAction\",\"target\":[\"https:\/\/www.konigchain.com\/au\/konig-reflex-edge-awarded-by-the-prestigious-if-design-sign\/\"]}]},{\"@type\":\"ImageObject\",\"inLanguage\":\"en-AU\",\"@id\":\"https:\/\/www.konigchain.com\/au\/konig-reflex-edge-awarded-by-the-prestigious-if-design-sign\/#primaryimage\",\"url\":\"https:\/\/www.konigchain.com\/wp-content\/uploads\/2024\/05\/Konig-Reflex-Edge-IF-Design-Award.webp\",\"contentUrl\":\"https:\/\/www.konigchain.com\/wp-content\/uploads\/2024\/05\/Konig-Reflex-Edge-IF-Design-Award.webp\",\"width\":1920,\"height\":1280},{\"@type\":\"BreadcrumbList\",\"@id\":\"https:\/\/www.konigchain.com\/au\/konig-reflex-edge-awarded-by-the-prestigious-if-design-sign\/#breadcrumb\",\"itemListElement\":[{\"@type\":\"ListItem\",\"position\":1,\"name\":\"Home\",\"item\":\"https:\/\/www.konigchain.com\/au\/\"},{\"@type\":\"ListItem\",\"position\":2,\"name\":\"K\u00f6nig Reflex Edge awarded by the prestigious IF Design sign\"}]},{\"@type\":\"WebSite\",\"@id\":\"https:\/\/www.konigchain.com\/au\/#website\",\"url\":\"https:\/\/www.konigchain.com\/au\/\",\"name\":\"K\u00f6nig\",\"description\":\"\",\"publisher\":{\"@id\":\"https:\/\/www.konigchain.com\/au\/#organization\"},\"potentialAction\":[{\"@type\":\"SearchAction\",\"target\":{\"@type\":\"EntryPoint\",\"urlTemplate\":\"https:\/\/www.konigchain.com\/au\/?s={search_term_string}\"},\"query-input\":{\"@type\":\"PropertyValueSpecification\",\"valueRequired\":true,\"valueName\":\"search_term_string\"}}],\"inLanguage\":\"en-AU\"},{\"@type\":\"Organization\",\"@id\":\"https:\/\/www.konigchain.com\/au\/#organization\",\"name\":\"K\u00f6nig\",\"url\":\"https:\/\/www.konigchain.com\/au\/\",\"logo\":{\"@type\":\"ImageObject\",\"inLanguage\":\"en-AU\",\"@id\":\"https:\/\/www.konigchain.com\/au\/#\/schema\/logo\/image\/\",\"url\":\"https:\/\/www.konigchain.com\/wp-content\/uploads\/2023\/12\/logo-Konig-2016-BG.png\",\"contentUrl\":\"https:\/\/www.konigchain.com\/wp-content\/uploads\/2023\/12\/logo-Konig-2016-BG.png\",\"width\":3508,\"height\":2480,\"caption\":\"K\u00f6nig\"},\"image\":{\"@id\":\"https:\/\/www.konigchain.com\/au\/#\/schema\/logo\/image\/\"}},{\"@type\":\"Person\",\"@id\":\"https:\/\/www.konigchain.com\/au\/#\/schema\/person\/4ddc5d8f1396dc7902607a08ad135055\",\"name\":\"Andrea Anghileri\",\"image\":{\"@type\":\"ImageObject\",\"inLanguage\":\"en-AU\",\"@id\":\"https:\/\/www.konigchain.com\/au\/#\/schema\/person\/image\/\",\"url\":\"https:\/\/secure.gravatar.com\/avatar\/1d07fb4ed69670d4ae14a633314ad513a6700c2008f7561c03d51bcef121dccc?s=96&d=mm&r=g\",\"contentUrl\":\"https:\/\/secure.gravatar.com\/avatar\/1d07fb4ed69670d4ae14a633314ad513a6700c2008f7561c03d51bcef121dccc?s=96&d=mm&r=g\",\"caption\":\"Andrea Anghileri\"},\"url\":\"https:\/\/www.konigchain.com\/au\/author\/andrea-anghileri\/\"}]}<\/script>\n<!-- \/ Yoast SEO plugin. -->","yoast_head_json":{"title":"K\u00f6nig Reflex Edge awarded by the prestigious IF Design sign - K\u00f6nig","description":"It\u2019s not that common to find snow chains awarded with prestigious design prizes, the K\u00f6nig Design Team did it once again: the K\u00f6nig Reflex Edge has just been accredited with the 2023 IF Design Award.","robots":{"index":"index","follow":"follow","max-snippet":"max-snippet:-1","max-image-preview":"max-image-preview:large","max-video-preview":"max-video-preview:-1"},"canonical":"https:\/\/www.konigchain.com\/au\/konig-reflex-edge-awarded-by-the-prestigious-if-design-sign\/","og_locale":"en_US","og_type":"article","og_title":"K\u00f6nig Reflex Edge awarded by the prestigious IF Design sign - K\u00f6nig","og_description":"It\u2019s not that common to find snow chains awarded with prestigious design prizes, the K\u00f6nig Design Team did it once again: the K\u00f6nig Reflex Edge has just been accredited with the 2023 IF Design Award.","og_url":"https:\/\/www.konigchain.com\/au\/konig-reflex-edge-awarded-by-the-prestigious-if-design-sign\/","og_site_name":"K\u00f6nig","article_published_time":"2023-04-17T06:40:49+00:00","article_modified_time":"2025-05-06T14:41:42+00:00","og_image":[{"width":1920,"height":1280,"url":"https:\/\/www.konigchain.com\/wp-content\/uploads\/2024\/05\/Konig-Reflex-Edge-IF-Design-Award.webp","type":"image\/webp"}],"author":"Andrea Anghileri","twitter_card":"summary_large_image","twitter_misc":{"Written by":"Andrea Anghileri","Est. reading time":"4 minutes"},"schema":{"@context":"https:\/\/schema.org","@graph":[{"@type":"Article","@id":"https:\/\/www.konigchain.com\/au\/konig-reflex-edge-awarded-by-the-prestigious-if-design-sign\/#article","isPartOf":{"@id":"https:\/\/www.konigchain.com\/au\/konig-reflex-edge-awarded-by-the-prestigious-if-design-sign\/"},"author":{"name":"Andrea Anghileri","@id":"https:\/\/www.konigchain.com\/au\/#\/schema\/person\/4ddc5d8f1396dc7902607a08ad135055"},"headline":"K\u00f6nig Reflex Edge awarded by the prestigious IF Design sign","datePublished":"2023-04-17T06:40:49+00:00","dateModified":"2025-05-06T14:41:42+00:00","mainEntityOfPage":{"@id":"https:\/\/www.konigchain.com\/au\/konig-reflex-edge-awarded-by-the-prestigious-if-design-sign\/"},"wordCount":589,"publisher":{"@id":"https:\/\/www.konigchain.com\/au\/#organization"},"image":{"@id":"https:\/\/www.konigchain.com\/au\/konig-reflex-edge-awarded-by-the-prestigious-if-design-sign\/#primaryimage"},"thumbnailUrl":"https:\/\/www.konigchain.com\/wp-content\/uploads\/2024\/05\/Konig-Reflex-Edge-IF-Design-Award.webp","keywords":["innovation awards","K\u00f6nig consumer snow chains","K\u00f6nig Reflex Cross","K\u00f6nig Reflex Edge","product design","snow chain innovation"],"articleSection":["Products","Technology"],"inLanguage":"en-AU"},{"@type":"WebPage","@id":"https:\/\/www.konigchain.com\/au\/konig-reflex-edge-awarded-by-the-prestigious-if-design-sign\/","url":"https:\/\/www.konigchain.com\/au\/konig-reflex-edge-awarded-by-the-prestigious-if-design-sign\/","name":"K\u00f6nig Reflex Edge awarded by the prestigious IF Design sign - K\u00f6nig","isPartOf":{"@id":"https:\/\/www.konigchain.com\/au\/#website"},"primaryImageOfPage":{"@id":"https:\/\/www.konigchain.com\/au\/konig-reflex-edge-awarded-by-the-prestigious-if-design-sign\/#primaryimage"},"image":{"@id":"https:\/\/www.konigchain.com\/au\/konig-reflex-edge-awarded-by-the-prestigious-if-design-sign\/#primaryimage"},"thumbnailUrl":"https:\/\/www.konigchain.com\/wp-content\/uploads\/2024\/05\/Konig-Reflex-Edge-IF-Design-Award.webp","datePublished":"2023-04-17T06:40:49+00:00","dateModified":"2025-05-06T14:41:42+00:00","description":"It\u2019s not that common to find snow chains awarded with prestigious design prizes, the K\u00f6nig Design Team did it once again: the K\u00f6nig Reflex Edge has just been accredited with the 2023 IF Design Award.","breadcrumb":{"@id":"https:\/\/www.konigchain.com\/au\/konig-reflex-edge-awarded-by-the-prestigious-if-design-sign\/#breadcrumb"},"inLanguage":"en-AU","potentialAction":[{"@type":"ReadAction","target":["https:\/\/www.konigchain.com\/au\/konig-reflex-edge-awarded-by-the-prestigious-if-design-sign\/"]}]},{"@type":"ImageObject","inLanguage":"en-AU","@id":"https:\/\/www.konigchain.com\/au\/konig-reflex-edge-awarded-by-the-prestigious-if-design-sign\/#primaryimage","url":"https:\/\/www.konigchain.com\/wp-content\/uploads\/2024\/05\/Konig-Reflex-Edge-IF-Design-Award.webp","contentUrl":"https:\/\/www.konigchain.com\/wp-content\/uploads\/2024\/05\/Konig-Reflex-Edge-IF-Design-Award.webp","width":1920,"height":1280},{"@type":"BreadcrumbList","@id":"https:\/\/www.konigchain.com\/au\/konig-reflex-edge-awarded-by-the-prestigious-if-design-sign\/#breadcrumb","itemListElement":[{"@type":"ListItem","position":1,"name":"Home","item":"https:\/\/www.konigchain.com\/au\/"},{"@type":"ListItem","position":2,"name":"K\u00f6nig Reflex Edge awarded by the prestigious IF Design sign"}]},{"@type":"WebSite","@id":"https:\/\/www.konigchain.com\/au\/#website","url":"https:\/\/www.konigchain.com\/au\/","name":"K\u00f6nig","description":"","publisher":{"@id":"https:\/\/www.konigchain.com\/au\/#organization"},"potentialAction":[{"@type":"SearchAction","target":{"@type":"EntryPoint","urlTemplate":"https:\/\/www.konigchain.com\/au\/?s={search_term_string}"},"query-input":{"@type":"PropertyValueSpecification","valueRequired":true,"valueName":"search_term_string"}}],"inLanguage":"en-AU"},{"@type":"Organization","@id":"https:\/\/www.konigchain.com\/au\/#organization","name":"K\u00f6nig","url":"https:\/\/www.konigchain.com\/au\/","logo":{"@type":"ImageObject","inLanguage":"en-AU","@id":"https:\/\/www.konigchain.com\/au\/#\/schema\/logo\/image\/","url":"https:\/\/www.konigchain.com\/wp-content\/uploads\/2023\/12\/logo-Konig-2016-BG.png","contentUrl":"https:\/\/www.konigchain.com\/wp-content\/uploads\/2023\/12\/logo-Konig-2016-BG.png","width":3508,"height":2480,"caption":"K\u00f6nig"},"image":{"@id":"https:\/\/www.konigchain.com\/au\/#\/schema\/logo\/image\/"}},{"@type":"Person","@id":"https:\/\/www.konigchain.com\/au\/#\/schema\/person\/4ddc5d8f1396dc7902607a08ad135055","name":"Andrea Anghileri","image":{"@type":"ImageObject","inLanguage":"en-AU","@id":"https:\/\/www.konigchain.com\/au\/#\/schema\/person\/image\/","url":"https:\/\/secure.gravatar.com\/avatar\/1d07fb4ed69670d4ae14a633314ad513a6700c2008f7561c03d51bcef121dccc?s=96&d=mm&r=g","contentUrl":"https:\/\/secure.gravatar.com\/avatar\/1d07fb4ed69670d4ae14a633314ad513a6700c2008f7561c03d51bcef121dccc?s=96&d=mm&r=g","caption":"Andrea Anghileri"},"url":"https:\/\/www.konigchain.com\/au\/author\/andrea-anghileri\/"}]}},"_links":{"self":[{"href":"https:\/\/www.konigchain.com\/au\/wp-json\/wp\/v2\/posts\/20681","targetHints":{"allow":["GET"]}}],"collection":[{"href":"https:\/\/www.konigchain.com\/au\/wp-json\/wp\/v2\/posts"}],"about":[{"href":"https:\/\/www.konigchain.com\/au\/wp-json\/wp\/v2\/types\/post"}],"author":[{"embeddable":true,"href":"https:\/\/www.konigchain.com\/au\/wp-json\/wp\/v2\/users\/3"}],"replies":[{"embeddable":true,"href":"https:\/\/www.konigchain.com\/au\/wp-json\/wp\/v2\/comments?post=20681"}],"version-history":[{"count":2,"href":"https:\/\/www.konigchain.com\/au\/wp-json\/wp\/v2\/posts\/20681\/revisions"}],"predecessor-version":[{"id":57193,"href":"https:\/\/www.konigchain.com\/au\/wp-json\/wp\/v2\/posts\/20681\/revisions\/57193"}],"wp:featuredmedia":[{"embeddable":true,"href":"https:\/\/www.konigchain.com\/au\/wp-json\/wp\/v2\/media\/20682"}],"wp:attachment":[{"href":"https:\/\/www.konigchain.com\/au\/wp-json\/wp\/v2\/media?parent=20681"}],"wp:term":[{"taxonomy":"category","embeddable":true,"href":"https:\/\/www.konigchain.com\/au\/wp-json\/wp\/v2\/categories?post=20681"},{"taxonomy":"post_tag","embeddable":true,"href":"https:\/\/www.konigchain.com\/au\/wp-json\/wp\/v2\/tags?post=20681"}],"curies":[{"name":"wp","href":"https:\/\/api.w.org\/{rel}","templated":true}]}}