{"id":20787,"date":"2022-10-24T09:07:49","date_gmt":"2022-10-24T07:07:49","guid":{"rendered":"https:\/\/wp1.konigchain.com\/winter-is-just-around-the-corner-in-motorhomes\/"},"modified":"2025-05-28T16:58:30","modified_gmt":"2025-05-28T14:58:30","slug":"der-winter-steht-vor-der-tur-in-reisemobilen","status":"publish","type":"post","link":"https:\/\/www.konigchain.com\/de\/der-winter-steht-vor-der-tur-in-reisemobilen\/","title":{"rendered":"Der Winter steht vor der T\u00fcr in&#8230; Reisemobilen!"},"content":{"rendered":"\n<p class=\"has-medium-font-size\" style=\"font-style:italic;font-weight:400\">Urlaub mit dem Wohnmobil kann das ganze Jahr \u00fcber gemacht werden, und auch in den k\u00e4lteren Monaten kann der Wunsch nach Freiheit voll ausgelebt werden, denn man kann sich bewegen, wohin man will, und den Urlaub genie\u00dfen.<\/p>\n\n\n\n<div style=\"height:40px\" aria-hidden=\"true\" class=\"wp-block-spacer\"><\/div>\n\n\n\n<figure class=\"wp-block-image size-large\"><img fetchpriority=\"high\" decoding=\"async\" width=\"1024\" height=\"683\" src=\"https:\/\/www.konigchain.com\/wp-content\/uploads\/2025\/02\/Konig-XD-16_Camper_1-scaled-1-1024x683.jpg\" alt=\"\" class=\"wp-image-49810\" srcset=\"https:\/\/www.konigchain.com\/wp-content\/uploads\/2025\/02\/Konig-XD-16_Camper_1-scaled-1-1024x683.jpg 1024w, https:\/\/www.konigchain.com\/wp-content\/uploads\/2025\/02\/Konig-XD-16_Camper_1-scaled-1-768x512.jpg 768w, https:\/\/www.konigchain.com\/wp-content\/uploads\/2025\/02\/Konig-XD-16_Camper_1-scaled-1-1536x1024.jpg 1536w, https:\/\/www.konigchain.com\/wp-content\/uploads\/2025\/02\/Konig-XD-16_Camper_1-scaled-1-2048x1366.jpg 2048w\" sizes=\"(max-width: 1024px) 100vw, 1024px\" \/><\/figure>\n\n\n\n<div style=\"height:40px\" aria-hidden=\"true\" class=\"wp-block-spacer\"><\/div>\n\n\n\n<p style=\"font-size:18px\">Die Uhren gehen einen Schritt zur\u00fcck. Die Nacht wird immer fr\u00fcher dunkel und die Morgenstunden werden jeden Tag k\u00e4lter, so dass man den Sommer auf den ersten Blick bedauert.&nbsp;&nbsp;<\/p>\n\n\n\n<p style=\"font-size:18px\">Aber hei\u00dft das, dass Sie in den kommenden Monaten keinen Urlaub erwarten k\u00f6nnen? Nein!&nbsp;&nbsp;<\/p>\n\n\n\n<p style=\"font-size:18px\">Urlaub mit dem Wohnmobil kann das ganze Jahr \u00fcber gemacht werden, und auch in den k\u00e4lteren Monaten kann der Wunsch nach Freiheit voll ausgelebt werden, denn man kann sich bewegen, wohin man will, und den Urlaub genie\u00dfen.&nbsp;<\/p>\n\n\n\n<p style=\"font-size:18px\">Nat\u00fcrlich gibt es grundlegende Aspekte zu ber\u00fccksichtigen, denn wie wir wissen, macht der Winter bestimmte Aspekte des Urlaubs faszinierender, aber gleichzeitig ist es notwendig, ein wenig vorbereitet zu sein, um einen Winterurlaub in einem Wohnmobil in vollen Z\u00fcgen genie\u00dfen zu k\u00f6nnen.&nbsp;<\/p>\n\n\n\n<div style=\"height:40px\" aria-hidden=\"true\" class=\"wp-block-spacer\"><\/div>\n\n\n\n<figure class=\"wp-block-image size-large\"><img decoding=\"async\" width=\"1024\" height=\"565\" src=\"https:\/\/www.konigchain.com\/wp-content\/uploads\/2025\/01\/Koenig-XG-12-Pro_VAN-2-copia_3EB60C3F7192-1024x565.jpg\" alt=\"\" class=\"wp-image-43852\" srcset=\"https:\/\/www.konigchain.com\/wp-content\/uploads\/2025\/01\/Koenig-XG-12-Pro_VAN-2-copia_3EB60C3F7192-1024x565.jpg 1024w, https:\/\/www.konigchain.com\/wp-content\/uploads\/2025\/01\/Koenig-XG-12-Pro_VAN-2-copia_3EB60C3F7192-768x424.jpg 768w, https:\/\/www.konigchain.com\/wp-content\/uploads\/2025\/01\/Koenig-XG-12-Pro_VAN-2-copia_3EB60C3F7192-1536x847.jpg 1536w, https:\/\/www.konigchain.com\/wp-content\/uploads\/2025\/01\/Koenig-XG-12-Pro_VAN-2-copia_3EB60C3F7192.jpg 1920w\" sizes=\"(max-width: 1024px) 100vw, 1024px\" \/><\/figure>\n\n\n\n<div style=\"height:40px\" aria-hidden=\"true\" class=\"wp-block-spacer\"><\/div>\n\n\n\n<p style=\"font-size:18px;font-style:normal;font-weight:700\"><strong>Als Erstes sollten Sie sich auf die K\u00e4lte einstellen<\/strong><\/p>\n\n\n\n<div style=\"height:20px\" aria-hidden=\"true\" class=\"wp-block-spacer\"><\/div>\n\n\n\n<p style=\"font-size:18px\">Reisemobilisten wissen, dass man bei kalten Wintertemperaturen (wie sie in den Bergen herrschen) besser mit einem isolierten Reisemobil unterwegs sein sollte. Um es klar zu sagen: Je besser das Wohnmobil w\u00e4rmeisoliert ist, desto angenehmer ist es in den Wintermonaten zu nutzen. Nat\u00fcrlich werden in jedem Fall Dieselheizungen eingesetzt, allerdings weniger h\u00e4ufig und mit geringerer Intensit\u00e4t. So wie die richtige Isolierung eines Hauses die Betriebskosten senkt, gilt das auch f\u00fcr ein Wohnmobil.\u00a0<\/p>\n\n\n\n<div style=\"height:40px\" aria-hidden=\"true\" class=\"wp-block-spacer\"><\/div>\n\n\n\n<p style=\"font-size:18px;font-style:normal;font-weight:700\"><strong>Winter-Diesel\u00a0<\/strong><\/p>\n\n\n\n<div style=\"height:20px\" aria-hidden=\"true\" class=\"wp-block-spacer\"><\/div>\n\n\n\n<p style=\"font-size:18px\">Tanken Sie unbedingt Winterdiesel, bevor Sie Ihr Wohnmobil bei besonders kalten Temperaturen f\u00fcr l\u00e4ngere Zeit abstellen. Der Dieselkraftstoff im Tank und im Filter neigt n\u00e4mlich dazu, sich bei niedrigen Temperaturen zu verfestigen, wodurch der Motor nicht mehr richtig betankt werden kann. In manchen F\u00e4llen l\u00e4sst sich das Fahrzeug nicht starten, oder es treten nach dem Starten Kraftstoffprobleme auf. In den meisten F\u00e4llen muss das Fahrzeug in eine warme Garage gebracht werden und dort einige Stunden stehen bleiben, damit der Dieselkraftstoff wieder fl\u00fcssig werden kann. Das Betreiben von Diesel mit Winteradditiv erspart Ihnen eine Reihe von Problemen, also vergessen Sie es nicht.\u00a0<\/p>\n\n\n\n<div style=\"height:40px\" aria-hidden=\"true\" class=\"wp-block-spacer\"><\/div>\n\n\n\n<p style=\"font-size:18px;font-style:normal;font-weight:700\"><strong>Fahren auf schneebedeckten und\/oder vereisten Stra\u00dfen\u00a0<\/strong><\/p>\n\n\n\n<div style=\"height:20px\" aria-hidden=\"true\" class=\"wp-block-spacer\"><\/div>\n\n\n\n<p style=\"font-size:18px\">Wenn die Temperaturen im Winter sinken, sind hochgelegene Reiseziele normalerweise mit Eis und Schnee bedeckt, und die Stra\u00dfen bilden da keine Ausnahme. In den Gebirgsorten werden die meisten Hauptstra\u00dfen schnell ger\u00e4umt, aber auf Nebenstra\u00dfen und Pannenstreifen bleibt der Schnee oft lange liegen.&nbsp;&nbsp;<\/p>\n\n\n\n<p style=\"font-size:18px\">In solchen Situationen sind Schneeketten ein unverzichtbarer Bestandteil der Checkliste f\u00fcr die Reisevorbereitung.&nbsp;&nbsp;<\/p>\n\n\n\n<p style=\"font-size:18px\">Hier finden Sie einige n\u00fctzliche Informationen dar\u00fcber, was Schneeketten sind, wann sie verwendet werden sollten und welche man w\u00e4hlen sollte.&nbsp;<\/p>\n\n\n\n<p style=\"font-size:18px\">Wohnmobile sind gro\u00dfe und schwere Fahrzeuge, die in den meisten F\u00e4llen mit Front- oder Heckantrieb ausgestattet sind; Allradantrieb ist eine Option, die bei Fahrzeugen, die nicht aus Bergregionen stammen, nicht so \u00fcblich ist.&nbsp;&nbsp;<\/p>\n\n\n\n<p style=\"font-size:18px\">Es ist daher unerl\u00e4sslich, auf vereiste oder verschneite Stra\u00dfenverh\u00e4ltnisse vorbereitet zu sein. Je schwerer das Reisemobil ist, desto mehr Traktion ist erforderlich, damit die Reifen sowohl beim Beschleunigen als auch beim Bremsen nicht ins Schleudern geraten. Das Risiko besteht darin, im Schnee stecken zu bleiben oder &#8211; noch schlimmer &#8211; das Fahrzeug nicht an den erforderlichen Stellen anhalten zu k\u00f6nnen. Schneeketten sind ein g\u00e4ngiges Hilfsmittel f\u00fcr Reisemobilisten, um die Traktion zu verbessern, wenn die Stra\u00dfenoberfl\u00e4che nicht die f\u00fcr eine sichere Fahrt erforderliche Griffigkeit bietet.&nbsp;<\/p>\n\n\n\n<div style=\"height:40px\" aria-hidden=\"true\" class=\"wp-block-spacer\"><\/div>\n\n\n\n<p style=\"font-size:18px;font-style:normal;font-weight:700\"><strong>Wann m\u00fcssen Schneeketten verwendet werden?<\/strong><\/p>\n\n\n\n<div style=\"height:20px\" aria-hidden=\"true\" class=\"wp-block-spacer\"><\/div>\n\n\n\n<p style=\"font-size:18px\">Schneeketten sollten nur auf die Reifen aufgezogen werden, wenn die Fahrbahn mit Schnee, Eis (aber auch Schneematsch) bedeckt ist, und sollten entfernt werden, sobald sich die Stra\u00dfenverh\u00e4ltnisse verbessern und eine sichere Fahrt mit den Reifen allein m\u00f6glich ist.<\/p>\n\n\n\n<div style=\"height:40px\" aria-hidden=\"true\" class=\"wp-block-spacer\"><\/div>\n\n\n\n<p style=\"font-size:18px;font-style:normal;font-weight:700\"><strong>Welche Schneeketten sollten Sie w\u00e4hlen?<\/strong><\/p>\n\n\n\n<div style=\"height:20px\" aria-hidden=\"true\" class=\"wp-block-spacer\"><\/div>\n\n\n\n<p style=\"font-size:18px\">Wie bereits erw\u00e4hnt, sind Wohnmobile im Vergleich zu einem Pkw sehr schwere Fahrzeuge. Daher ben\u00f6tigen Sie Schneeketten, die robust und zuverl\u00e4ssig sind&#8230; und, warum nicht, auch einfach zu montieren! Im Folgenden finden Sie einige Hinweise zur Auswahl Ihrer Schneeketten.<\/p>\n\n\n\n<div style=\"height:40px\" aria-hidden=\"true\" class=\"wp-block-spacer\"><\/div>\n\n\n\n<p style=\"font-size:18px;font-style:normal;font-weight:600\"><strong>1. Konsultieren Sie die Betriebsanleitung des Wohnmobils\u00a0<\/strong><\/p>\n\n\n\n<div style=\"height:20px\" aria-hidden=\"true\" class=\"wp-block-spacer\"><\/div>\n\n\n\n<p style=\"font-size:18px\">Schauen Sie zun\u00e4chst in der Betriebsanleitung Ihres Fahrzeugs nach, ob der Hersteller Ihres Fahrzeugs Vorschriften oder Anweisungen f\u00fcr die Verwendung von Schneeketten gibt.&nbsp;&nbsp;<\/p>\n\n\n\n<p style=\"font-size:18px\">Au\u00dfer bei VANs wie z.B. VW T5 und T6 oder Mercedes Vito ist ein Reisemobil das Ergebnis des Ausbaus eines Basisfahrzeugs durch einen Monteur, der dann den Wohnbereich und die entsprechenden Systeme einbaut. Aus diesem Grund kann es sein, dass es f\u00fcr Ihr Reisemobil zwei Bedienungsanleitungen gibt: eine allgemeine vom Reisemobilhersteller (Hersteller der Phase 1, z. B. Fiat f\u00fcr den Ducato) und eine f\u00fcr den Ausr\u00fcster (Hersteller der Phase 2).&nbsp;&nbsp;<\/p>\n\n\n\n<p style=\"font-size:18px\">Es kann n\u00e4mlich vorkommen, dass der Ausr\u00fcster einige technische Merkmale des Wohnmobils \u00e4ndert, die sich auf die Zulassungsf\u00e4higkeit des ausger\u00fcsteten Fahrzeugs auswirken k\u00f6nnen (sollten Sie Hilfe oder weitere Informationen ben\u00f6tigen, wenden Sie sich bitte an unser Support-Team).&nbsp;<\/p>\n\n\n\n<div style=\"height:40px\" aria-hidden=\"true\" class=\"wp-block-spacer\"><\/div>\n\n\n\n<p style=\"font-size:18px;font-style:normal;font-weight:600\"><strong>2. Vergewissern Sie sich, dass die Ketten, die Sie montieren wollen, den technischen Spezifikationen des Fahrzeugs entsprechen<\/strong><\/p>\n\n\n\n<div style=\"height:10px\" aria-hidden=\"true\" class=\"wp-block-spacer\"><\/div>\n\n\n\n<p style=\"font-size:18px\">Achten Sie bei der Auswahl der Schneeketten darauf, dass diese nach europ\u00e4ischen Normen zugelassen sind.&nbsp;&nbsp;<\/p>\n\n\n\n<p style=\"font-size:18px\">F\u00fcr Wohnmobile mit einer Gesamtmasse von bis zu 3,5 Tonnen m\u00fcssen die Ketten nach \u00d6-NORM V5117 zertifiziert sein, die in den meisten europ\u00e4ischen L\u00e4ndern Standard ist.&nbsp;<\/p>\n\n\n\n<p style=\"font-size:18px\">Hat das Reisemobil hingegen eine Gesamtmasse von mehr als 3,5 Tonnen, m\u00fcssen die Ketten nach \u00d6-NORM V5119 zertifiziert sein, das ist die Norm f\u00fcr schwere Fahrzeuge (f\u00fcr die ein B-Schein nicht mehr ausreicht).&nbsp;<\/p>\n\n\n\n<p style=\"font-size:18px\">Weitere Informationen zu den Vorschriften f\u00fcr Schneeketten finden Sie in dem Artikel unter folgendem <a href=\"https:\/\/konigchain.zendesk.com\/hc\/de\/articles\/4404719670801-Professionelle-Schneekettenzertifizierung-und-Einhaltung-der-europ%C3%A4ischen-Vorschriften\">Link<\/a>.\u00a0<\/p>\n\n\n\n<p style=\"font-size:18px\">Mit Schneeketten von K\u00f6nig k\u00f6nnen Sie nichts falsch machen, denn die meisten Produkte f\u00fcr Wohnmobile erf\u00fcllen sowohl die V5117- als auch die V5119-Norm &#8211; ein Beweis f\u00fcr die Qualit\u00e4t und Haltbarkeit der Produkte.&nbsp;<\/p>\n\n\n\n<div style=\"height:40px\" aria-hidden=\"true\" class=\"wp-block-spacer\"><\/div>\n\n\n\n<p style=\"font-size:18px;font-style:normal;font-weight:600\"><strong>3. W\u00e4hlen Sie das Modell mit dem Montagesystem, das Ihren W\u00fcnschen am besten entspricht<\/strong><\/p>\n\n\n\n<div style=\"height:20px\" aria-hidden=\"true\" class=\"wp-block-spacer\"><\/div>\n\n\n\n<p style=\"font-size:18px\">Seit mehr als 50 Jahren steht K\u00f6nig den Reisemobilisten mit einer Produktpalette zur Seite, die sich, ohne ihre Urspr\u00fcnge zu verleugnen, mit pragmatischen, aber auch sehr technischen Befestigungssystemen weiterentwickelt hat.&nbsp;&nbsp;<\/p>\n\n\n\n<p style=\"font-size:18px\">Wenn das Reisemobil keine Einschr\u00e4nkungen in Bezug auf die Fahrbarkeit aufweist (die Radk\u00e4sten haben den n\u00f6tigen Spielraum f\u00fcr die Montage von Ketten), bevorzugen Reisemobilisten normalerweise 16-mm-Ketten.&nbsp;<\/p>\n\n\n\n<div style=\"height:20px\" aria-hidden=\"true\" class=\"wp-block-spacer\"><\/div>\n\n\n\n<p style=\"font-size:18px;font-style:normal;font-weight:700\">K\u00f6nig XD-16<\/p>\n\n\n\n<div style=\"height:20px\" aria-hidden=\"true\" class=\"wp-block-spacer\"><\/div>\n\n\n\n<p style=\"font-size:18px\">Innerhalb der K\u00f6nig-Produktpalette sind die\u00a0<strong><a href=\"https:\/\/www.konigchain.com\/de\/chains\/konig-xd-16\/\" target=\"_blank\" rel=\"noreferrer noopener\"><strong>K\u00f6nig XD-16-Ketten<\/strong><\/a><\/strong>\u00a0aufgrund ihrer dichten Lauffl\u00e4chenabdeckung am besten geeignet.\u00a0<\/p>\n\n\n\n<p style=\"font-size:18px\">Die XD-16-Ketten zeichnen sich durch ein flexibles Kabelbefestigungssystem aus und m\u00fcssen manuell gespannt werden: Nach der Montage und einer Fahrt von einigen hundert Metern muss das Fahrzeug angehalten werden, um die schlaff gewordenen Ketten nachzuspannen.&nbsp;<\/p>\n\n\n\n<p style=\"font-size:18px\">Dank der vorgespannten Federn und der Micro-Adjust-Vorrichtung passen sich die K\u00f6nig XD-16 an Reifen mit unterschiedlichen Profilen und Verschlei\u00dfniveaus an.&nbsp;&nbsp;<\/p>\n\n\n\n<p style=\"font-size:18px\">Nicht zuletzt sind die K\u00f6nig XD-16 Ketten mit dem Wheel-Shield Level 2 Leichtmetallradschutzsystem ausgestattet. Wenn Ihr Fahrzeug mit Leichtmetallr\u00e4dern ausgestattet ist, k\u00f6nnen Sie sogar spezielle Radabdeckungen an den im Paket enthaltenen Seitenhaken anbringen.&nbsp;<\/p>\n\n\n\n<div style=\"height:20px\" aria-hidden=\"true\" class=\"wp-block-spacer\"><\/div>\n\n\n\n<div class=\"wp-block-media-text is-stacked-on-mobile\"><figure class=\"wp-block-media-text__media\"><img decoding=\"async\" width=\"1024\" height=\"922\" src=\"https:\/\/www.konigchain.com\/wp-content\/uploads\/2024\/12\/XD-16-oblique-hotspot-1024x922.webp\" alt=\"\" class=\"wp-image-31350 size-full\" srcset=\"https:\/\/www.konigchain.com\/wp-content\/uploads\/2024\/12\/XD-16-oblique-hotspot-1024x922.webp 1024w, https:\/\/www.konigchain.com\/wp-content\/uploads\/2024\/12\/XD-16-oblique-hotspot-768x691.webp 768w, https:\/\/www.konigchain.com\/wp-content\/uploads\/2024\/12\/XD-16-oblique-hotspot.webp 1500w\" sizes=\"(max-width: 1024px) 100vw, 1024px\" \/><\/figure><div class=\"wp-block-media-text__content\">\n<p style=\"font-size:18px\">Zugelassen f\u00fcr leichte (zul\u00e4ssiges Gesamtgewicht bis 3,5 t) und schwere (zul\u00e4ssiges Gesamtgewicht \u00fcber 3,5 t) Wohnmobile<\/p>\n\n\n\n<div style=\"height:20px\" aria-hidden=\"true\" class=\"wp-block-spacer\"><\/div>\n\n\n\n<div class=\"wp-block-buttons is-layout-flex wp-block-buttons-is-layout-flex\">\n<div class=\"wp-block-button\"><a class=\"wp-block-button__link has-white-color has-vivid-cyan-blue-background-color has-text-color has-background has-link-color has-custom-font-size wp-element-button\" href=\"https:\/\/www.konigchain.com\/de\/chains\/konig-xd-16\/\" style=\"font-size:18px;font-style:normal;font-weight:700\">Entdecken Sie K\u00f6nig XD-16<\/a><\/div>\n<\/div>\n<\/div><\/div>\n\n\n\n<div style=\"height:40px\" aria-hidden=\"true\" class=\"wp-block-spacer\"><\/div>\n\n\n\n<p style=\"font-size:18px;font-style:normal;font-weight:700\">K\u00f6nig XG-12 Pro<\/p>\n\n\n\n<div style=\"height:20px\" aria-hidden=\"true\" class=\"wp-block-spacer\"><\/div>\n\n\n\n<p style=\"font-size:18px\">Gleichzeitig muss man bedenken, dass sich die heutigen Wohnmobile durch ein viel attraktiveres Design auszeichnen als die von vor einigen Jahren. Auch die gr\u00f6\u00dferen R\u00e4der tragen zu einem moderneren Reisemobil mit einem hochwertigeren Aussehen bei. Wie Sie sich vorstellen k\u00f6nnen, f\u00fchrt die Verwendung gr\u00f6\u00dferer R\u00e4der bei gleichen Radk\u00e4sten zwangsl\u00e4ufig zu einer Verringerung des Freiraums in den Radk\u00e4sten und kann daher die Verwendung von Schneeketten einschr\u00e4nken.&nbsp;<\/p>\n\n\n\n<p style=\"font-size:18px\">F\u00fcr diese Situationen kann der\u00a0<strong><a href=\"https:\/\/www.konigchain.com\/de\/chains\/konig-xg-12-pro\/\" target=\"_blank\" rel=\"noreferrer noopener\"><strong>K\u00f6nig XG-12 Pro<\/strong><\/a><\/strong> die ideale L\u00f6sung sein. Dank der auf 12 mm begrenzten Aufstandsfl\u00e4che k\u00f6nnen diese Ketten an den meisten Stellen eingesetzt werden, an denen 16-mm-Ketten den Radkasten st\u00f6ren w\u00fcrden.\u00a0<\/p>\n\n\n\n<p style=\"font-size:18px\">Was die Montage betrifft, so ist die K\u00f6nig XG-12 Pro mit dem gleichen flexiblen Kabel wie die K\u00f6nig XD-16 ausgestattet, verf\u00fcgt aber \u00fcber die K\u00f6nig ATC-Vorrichtung, die die Kette w\u00e4hrend der Fahrt spannt. Die Spannpr\u00e4zision wird durch die Micro-Adjust-Vorrichtung gew\u00e4hrleistet, die es der Kette erm\u00f6glicht, das ideale Spannungsniveau zu erreichen, w\u00e4hrend das Fahrzeug in Bewegung ist.&nbsp;&nbsp;<\/p>\n\n\n\n<p style=\"font-size:18px\">Die XG-12 Pro ist die ideale Kette f\u00fcr Wohnmobile mit Leichtmetallfelgen, denn sie verf\u00fcgt \u00fcber einen Wheel-Shield-Schutz der Stufe 1, der sicherstellt, dass alle Elemente, die mit der Felge in Ber\u00fchrung kommen k\u00f6nnten, aus kratzfestem Material bestehen. Au\u00dferdem befindet sich in der Packung das Schutzset f\u00fcr die seitlichen Haken, das auch bei der ein paar Zeilen weiter oben erw\u00e4hnten XD-16 vorhanden ist.&nbsp;<\/p>\n\n\n\n<div style=\"height:20px\" aria-hidden=\"true\" class=\"wp-block-spacer\"><\/div>\n\n\n\n<div class=\"wp-block-media-text is-stacked-on-mobile\"><figure class=\"wp-block-media-text__media\"><img loading=\"lazy\" decoding=\"async\" width=\"1024\" height=\"922\" src=\"https:\/\/www.konigchain.com\/wp-content\/uploads\/2024\/12\/XG-12-Pro-oblique-hotspot-1024x922.webp\" alt=\"\" class=\"wp-image-31328 size-full\" srcset=\"https:\/\/www.konigchain.com\/wp-content\/uploads\/2024\/12\/XG-12-Pro-oblique-hotspot-1024x922.webp 1024w, https:\/\/www.konigchain.com\/wp-content\/uploads\/2024\/12\/XG-12-Pro-oblique-hotspot-768x691.png 768w, https:\/\/www.konigchain.com\/wp-content\/uploads\/2024\/12\/XG-12-Pro-oblique-hotspot.webp 1500w\" sizes=\"(max-width: 1024px) 100vw, 1024px\" \/><\/figure><div class=\"wp-block-media-text__content\">\n<p style=\"font-size:18px\">Zugelassen f\u00fcr leichte (zul\u00e4ssiges Gesamtgewicht bis 3,5 t) und schwere (zul\u00e4ssiges Gesamtgewicht \u00fcber 3,5 t) Wohnmobile<\/p>\n\n\n\n<div style=\"height:20px\" aria-hidden=\"true\" class=\"wp-block-spacer\"><\/div>\n\n\n\n<div class=\"wp-block-buttons is-layout-flex wp-block-buttons-is-layout-flex\">\n<div class=\"wp-block-button\"><a class=\"wp-block-button__link has-white-color has-vivid-cyan-blue-background-color has-text-color has-background has-link-color has-custom-font-size wp-element-button\" href=\"https:\/\/www.konigchain.com\/de\/chains\/konig-xg-12-pro\/\" style=\"font-size:18px;font-style:normal;font-weight:700\">Entdecken Sie K\u00f6nig XG-12 Pro<\/a><\/div>\n<\/div>\n<\/div><\/div>\n\n\n\n<div style=\"height:40px\" aria-hidden=\"true\" class=\"wp-block-spacer\"><\/div>\n\n\n\n<p style=\"font-size:18px;font-style:normal;font-weight:700\">K\u00f6nig K-Summit VAN<\/p>\n\n\n\n<div style=\"height:20px\" aria-hidden=\"true\" class=\"wp-block-spacer\"><\/div>\n\n\n\n<p style=\"font-size:18px\">Es gibt jedoch einige VANs, die aufgrund der Konstruktionsmerkmale des Radkastens (wo die Aufh\u00e4ngungskonstruktion in Kombination mit breiten Reifen einen starken Einfluss aus\u00fcbt) keine Ketten mit Innenelementen aufnehmen k\u00f6nnen. Der Spielraum zwischen Aufh\u00e4ngung und Radprofil ist n\u00e4mlich minimal, und Ketten mit Innenelementen k\u00f6nnen die Aufh\u00e4ngung beeintr\u00e4chtigen oder sogar die Bremsen oder ABS-Sensoren beeintr\u00e4chtigen.&nbsp;<\/p>\n\n\n\n<p style=\"font-size:18px\">F\u00fcr diese speziellen Anwendungen hat K\u00f6nig den\u00a0<strong><a href=\"https:\/\/www.konigchain.com\/de\/chains\/konig-k-summit-van\/\" target=\"_blank\" rel=\"noreferrer noopener\"><strong>K-Summit VAN<\/strong><\/a><\/strong>\u00a0entwickelt. Dabei handelt es sich um eine au\u00dfen angebrachte Kette (also per Definition ohne Elemente hinter dem Rad), die an einer der Radmuttern befestigt wird und sich w\u00e4hrend der Fahrt automatisch positioniert.<\/p>\n\n\n\n<div style=\"height:20px\" aria-hidden=\"true\" class=\"wp-block-spacer\"><\/div>\n\n\n\n<div class=\"wp-block-media-text is-stacked-on-mobile\"><figure class=\"wp-block-media-text__media\"><img loading=\"lazy\" decoding=\"async\" width=\"1024\" height=\"922\" src=\"https:\/\/www.konigchain.com\/wp-content\/uploads\/2024\/12\/K-Summit-VAN-oblique-hotspot-1024x922.webp\" alt=\"\" class=\"wp-image-31314 size-full\" srcset=\"https:\/\/www.konigchain.com\/wp-content\/uploads\/2024\/12\/K-Summit-VAN-oblique-hotspot-1024x922.webp 1024w, https:\/\/www.konigchain.com\/wp-content\/uploads\/2024\/12\/K-Summit-VAN-oblique-hotspot-768x691.png 768w, https:\/\/www.konigchain.com\/wp-content\/uploads\/2024\/12\/K-Summit-VAN-oblique-hotspot.webp 1500w\" sizes=\"(max-width: 1024px) 100vw, 1024px\" \/><\/figure><div class=\"wp-block-media-text__content\">\n<p style=\"font-size:18px\">Zugelassen f\u00fcr leichte VANs (zul\u00e4ssiges Gesamtgewicht bis zu 3,5 t)<\/p>\n\n\n\n<div style=\"height:20px\" aria-hidden=\"true\" class=\"wp-block-spacer\"><\/div>\n\n\n\n<div class=\"wp-block-buttons is-layout-flex wp-block-buttons-is-layout-flex\">\n<div class=\"wp-block-button\"><a class=\"wp-block-button__link has-white-color has-vivid-cyan-blue-background-color has-text-color has-background has-link-color has-custom-font-size wp-element-button\" href=\"https:\/\/www.konigchain.com\/de\/chains\/konig-k-summit-van\/\" style=\"font-size:18px;font-style:normal;font-weight:700\">Entdecken Sie den K\u00f6nig K-Summit VAN<\/a><\/div>\n<\/div>\n<\/div><\/div>\n\n\n\n<div style=\"height:40px\" aria-hidden=\"true\" class=\"wp-block-spacer\"><\/div>\n\n\n\n<p style=\"font-size:18px\">Sie k\u00f6nnen alle Modelle von Schneeketten f\u00fcr Ihren Van \/ Camper \/ Wohnmobil finden, indem Sie unsere\u00a0<a href=\"https:\/\/www.konigchain.com\/de\/schneeketten-fur-verbraucher\/\"><u>Produktseite<\/u><\/a>.<\/p>\n\n\n\n<p style=\"font-size:18px\">Die Kompatibilit\u00e4t der K\u00f6nig-Schneeketten mit Ihrem Reisemobil oder Transporter k\u00f6nnen Sie mit dem\u00a0<a href=\"https:\/\/www.konigchain.com\/de\/de-consumer-schneeketten-konfigurator\/\"><u>Konfigurator<\/u><\/a>. Geben Sie einfach Ihr Fahrzeugmodell und Ihre Reifengr\u00f6\u00dfe ein, um zu pr\u00fcfen, welche K\u00f6nig-Schneeketten kompatibel sind.\u00a0<\/p>\n\n\n\n<p style=\"font-size:18px\">F\u00fcr weitere Informationen steht Ihnen unser Support-Team gerne zur Verf\u00fcgung.<\/p>\n","protected":false},"excerpt":{"rendered":"<p>Urlaub mit dem Wohnmobil kann das ganze Jahr \u00fcber gemacht werden, und auch in den k\u00e4lteren Monaten kann der Wunsch nach Freiheit voll ausgelebt werden, denn man kann sich bewegen, wohin man will, und den Urlaub genie\u00dfen.<\/p>\n","protected":false},"author":3,"featured_media":13979,"comment_status":"closed","ping_status":"closed","sticky":false,"template":"","format":"standard","meta":{"_acf_changed":false,"footnotes":""},"categories":[942,822],"tags":[823,1178,1179,1180],"class_list":["post-20787","post","type-post","status-publish","format-standard","has-post-thumbnail","hentry","category-products-de","category-technology-de","tag-consumer-snow-chains-de","tag-motorhome-snow-chains-de","tag-van-snow-chains-de","tag-winter-holidays-motorhome-de"],"acf":[],"yoast_head":"<!-- This site is optimized with the Yoast SEO plugin v26.8 - https:\/\/yoast.com\/product\/yoast-seo-wordpress\/ -->\n<title>Der Winter steht vor der T\u00fcr in... Reisemobilen! - K\u00f6nig<\/title>\n<meta name=\"description\" content=\"Urlaub mit dem Wohnmobil kann das ganze Jahr \u00fcber gemacht werden, und auch in den k\u00e4lteren Monaten kann der Wunsch nach Freiheit voll ausgelebt werden, denn man kann sich bewegen, wohin man will, und den Urlaub genie\u00dfen.\" \/>\n<meta name=\"robots\" content=\"index, follow, max-snippet:-1, max-image-preview:large, max-video-preview:-1\" \/>\n<link rel=\"canonical\" href=\"https:\/\/www.konigchain.com\/de\/der-winter-steht-vor-der-tur-in-reisemobilen\/\" \/>\n<meta property=\"og:locale\" content=\"de_DE\" \/>\n<meta property=\"og:type\" content=\"article\" \/>\n<meta property=\"og:title\" content=\"Der Winter steht vor der T\u00fcr in... Reisemobilen! - K\u00f6nig\" \/>\n<meta property=\"og:description\" content=\"Urlaub mit dem Wohnmobil kann das ganze Jahr \u00fcber gemacht werden, und auch in den k\u00e4lteren Monaten kann der Wunsch nach Freiheit voll ausgelebt werden, denn man kann sich bewegen, wohin man will, und den Urlaub genie\u00dfen.\" \/>\n<meta property=\"og:url\" content=\"https:\/\/www.konigchain.com\/de\/der-winter-steht-vor-der-tur-in-reisemobilen\/\" \/>\n<meta property=\"og:site_name\" content=\"K\u00f6nig\" \/>\n<meta property=\"article:published_time\" content=\"2022-10-24T07:07:49+00:00\" \/>\n<meta property=\"article:modified_time\" content=\"2025-05-28T14:58:30+00:00\" \/>\n<meta property=\"og:image\" content=\"https:\/\/www.konigchain.com\/wp-content\/uploads\/2022\/10\/Konig-XG-12-Pro_VAN-3-scaled.jpg\" \/>\n\t<meta property=\"og:image:width\" content=\"2560\" \/>\n\t<meta property=\"og:image:height\" content=\"1708\" \/>\n\t<meta property=\"og:image:type\" content=\"image\/webp\" \/>\n<meta name=\"author\" content=\"Andrea Anghileri\" \/>\n<meta name=\"twitter:card\" content=\"summary_large_image\" \/>\n<meta name=\"twitter:label1\" content=\"Verfasst von\" \/>\n\t<meta name=\"twitter:data1\" content=\"Andrea Anghileri\" \/>\n\t<meta name=\"twitter:label2\" content=\"Gesch\u00e4tzte Lesezeit\" \/>\n\t<meta name=\"twitter:data2\" content=\"8\u00a0Minuten\" \/>\n<script type=\"application\/ld+json\" class=\"yoast-schema-graph\">{\"@context\":\"https:\/\/schema.org\",\"@graph\":[{\"@type\":\"Article\",\"@id\":\"https:\/\/www.konigchain.com\/de\/der-winter-steht-vor-der-tur-in-reisemobilen\/#article\",\"isPartOf\":{\"@id\":\"https:\/\/www.konigchain.com\/de\/der-winter-steht-vor-der-tur-in-reisemobilen\/\"},\"author\":{\"name\":\"Andrea Anghileri\",\"@id\":\"https:\/\/www.konigchain.com\/de\/#\/schema\/person\/4ddc5d8f1396dc7902607a08ad135055\"},\"headline\":\"Der Winter steht vor der T\u00fcr in&#8230; Reisemobilen!\",\"datePublished\":\"2022-10-24T07:07:49+00:00\",\"dateModified\":\"2025-05-28T14:58:30+00:00\",\"mainEntityOfPage\":{\"@id\":\"https:\/\/www.konigchain.com\/de\/der-winter-steht-vor-der-tur-in-reisemobilen\/\"},\"wordCount\":1711,\"publisher\":{\"@id\":\"https:\/\/www.konigchain.com\/de\/#organization\"},\"image\":{\"@id\":\"https:\/\/www.konigchain.com\/de\/der-winter-steht-vor-der-tur-in-reisemobilen\/#primaryimage\"},\"thumbnailUrl\":\"https:\/\/www.konigchain.com\/wp-content\/uploads\/2022\/10\/Konig-XG-12-Pro_VAN-3-scaled.jpg\",\"keywords\":[\"consumer snow chains\",\"motorhome snow chains\",\"van snow chains\",\"winter holidays motorhome\"],\"articleSection\":[\"Products\",\"Technology\"],\"inLanguage\":\"de\"},{\"@type\":\"WebPage\",\"@id\":\"https:\/\/www.konigchain.com\/de\/der-winter-steht-vor-der-tur-in-reisemobilen\/\",\"url\":\"https:\/\/www.konigchain.com\/de\/der-winter-steht-vor-der-tur-in-reisemobilen\/\",\"name\":\"Der Winter steht vor der T\u00fcr in... Reisemobilen! - K\u00f6nig\",\"isPartOf\":{\"@id\":\"https:\/\/www.konigchain.com\/de\/#website\"},\"primaryImageOfPage\":{\"@id\":\"https:\/\/www.konigchain.com\/de\/der-winter-steht-vor-der-tur-in-reisemobilen\/#primaryimage\"},\"image\":{\"@id\":\"https:\/\/www.konigchain.com\/de\/der-winter-steht-vor-der-tur-in-reisemobilen\/#primaryimage\"},\"thumbnailUrl\":\"https:\/\/www.konigchain.com\/wp-content\/uploads\/2022\/10\/Konig-XG-12-Pro_VAN-3-scaled.jpg\",\"datePublished\":\"2022-10-24T07:07:49+00:00\",\"dateModified\":\"2025-05-28T14:58:30+00:00\",\"description\":\"Urlaub mit dem Wohnmobil kann das ganze Jahr \u00fcber gemacht werden, und auch in den k\u00e4lteren Monaten kann der Wunsch nach Freiheit voll ausgelebt werden, denn man kann sich bewegen, wohin man will, und den Urlaub genie\u00dfen.\",\"breadcrumb\":{\"@id\":\"https:\/\/www.konigchain.com\/de\/der-winter-steht-vor-der-tur-in-reisemobilen\/#breadcrumb\"},\"inLanguage\":\"de\",\"potentialAction\":[{\"@type\":\"ReadAction\",\"target\":[\"https:\/\/www.konigchain.com\/de\/der-winter-steht-vor-der-tur-in-reisemobilen\/\"]}]},{\"@type\":\"ImageObject\",\"inLanguage\":\"de\",\"@id\":\"https:\/\/www.konigchain.com\/de\/der-winter-steht-vor-der-tur-in-reisemobilen\/#primaryimage\",\"url\":\"https:\/\/www.konigchain.com\/wp-content\/uploads\/2022\/10\/Konig-XG-12-Pro_VAN-3-scaled.jpg\",\"contentUrl\":\"https:\/\/www.konigchain.com\/wp-content\/uploads\/2022\/10\/Konig-XG-12-Pro_VAN-3-scaled.jpg\",\"width\":2560,\"height\":1708},{\"@type\":\"BreadcrumbList\",\"@id\":\"https:\/\/www.konigchain.com\/de\/der-winter-steht-vor-der-tur-in-reisemobilen\/#breadcrumb\",\"itemListElement\":[{\"@type\":\"ListItem\",\"position\":1,\"name\":\"Home\",\"item\":\"https:\/\/www.konigchain.com\/de\/\"},{\"@type\":\"ListItem\",\"position\":2,\"name\":\"Der Winter steht vor der T\u00fcr in&#8230; Reisemobilen!\"}]},{\"@type\":\"WebSite\",\"@id\":\"https:\/\/www.konigchain.com\/de\/#website\",\"url\":\"https:\/\/www.konigchain.com\/de\/\",\"name\":\"K\u00f6nig\",\"description\":\"\",\"publisher\":{\"@id\":\"https:\/\/www.konigchain.com\/de\/#organization\"},\"potentialAction\":[{\"@type\":\"SearchAction\",\"target\":{\"@type\":\"EntryPoint\",\"urlTemplate\":\"https:\/\/www.konigchain.com\/de\/?s={search_term_string}\"},\"query-input\":{\"@type\":\"PropertyValueSpecification\",\"valueRequired\":true,\"valueName\":\"search_term_string\"}}],\"inLanguage\":\"de\"},{\"@type\":\"Organization\",\"@id\":\"https:\/\/www.konigchain.com\/de\/#organization\",\"name\":\"K\u00f6nig\",\"url\":\"https:\/\/www.konigchain.com\/de\/\",\"logo\":{\"@type\":\"ImageObject\",\"inLanguage\":\"de\",\"@id\":\"https:\/\/www.konigchain.com\/de\/#\/schema\/logo\/image\/\",\"url\":\"https:\/\/www.konigchain.com\/wp-content\/uploads\/2023\/12\/logo-Konig-2016-BG.png\",\"contentUrl\":\"https:\/\/www.konigchain.com\/wp-content\/uploads\/2023\/12\/logo-Konig-2016-BG.png\",\"width\":3508,\"height\":2480,\"caption\":\"K\u00f6nig\"},\"image\":{\"@id\":\"https:\/\/www.konigchain.com\/de\/#\/schema\/logo\/image\/\"}},{\"@type\":\"Person\",\"@id\":\"https:\/\/www.konigchain.com\/de\/#\/schema\/person\/4ddc5d8f1396dc7902607a08ad135055\",\"name\":\"Andrea Anghileri\",\"image\":{\"@type\":\"ImageObject\",\"inLanguage\":\"de\",\"@id\":\"https:\/\/www.konigchain.com\/de\/#\/schema\/person\/image\/\",\"url\":\"https:\/\/secure.gravatar.com\/avatar\/1d07fb4ed69670d4ae14a633314ad513a6700c2008f7561c03d51bcef121dccc?s=96&d=mm&r=g\",\"contentUrl\":\"https:\/\/secure.gravatar.com\/avatar\/1d07fb4ed69670d4ae14a633314ad513a6700c2008f7561c03d51bcef121dccc?s=96&d=mm&r=g\",\"caption\":\"Andrea Anghileri\"},\"url\":\"https:\/\/www.konigchain.com\/de\/author\/andrea-anghileri\/\"}]}<\/script>\n<!-- \/ Yoast SEO plugin. -->","yoast_head_json":{"title":"Der Winter steht vor der T\u00fcr in... Reisemobilen! - K\u00f6nig","description":"Urlaub mit dem Wohnmobil kann das ganze Jahr \u00fcber gemacht werden, und auch in den k\u00e4lteren Monaten kann der Wunsch nach Freiheit voll ausgelebt werden, denn man kann sich bewegen, wohin man will, und den Urlaub genie\u00dfen.","robots":{"index":"index","follow":"follow","max-snippet":"max-snippet:-1","max-image-preview":"max-image-preview:large","max-video-preview":"max-video-preview:-1"},"canonical":"https:\/\/www.konigchain.com\/de\/der-winter-steht-vor-der-tur-in-reisemobilen\/","og_locale":"de_DE","og_type":"article","og_title":"Der Winter steht vor der T\u00fcr in... Reisemobilen! - K\u00f6nig","og_description":"Urlaub mit dem Wohnmobil kann das ganze Jahr \u00fcber gemacht werden, und auch in den k\u00e4lteren Monaten kann der Wunsch nach Freiheit voll ausgelebt werden, denn man kann sich bewegen, wohin man will, und den Urlaub genie\u00dfen.","og_url":"https:\/\/www.konigchain.com\/de\/der-winter-steht-vor-der-tur-in-reisemobilen\/","og_site_name":"K\u00f6nig","article_published_time":"2022-10-24T07:07:49+00:00","article_modified_time":"2025-05-28T14:58:30+00:00","og_image":[{"width":2560,"height":1708,"url":"https:\/\/www.konigchain.com\/wp-content\/uploads\/2022\/10\/Konig-XG-12-Pro_VAN-3-scaled.jpg","type":"image\/webp"}],"author":"Andrea Anghileri","twitter_card":"summary_large_image","twitter_misc":{"Verfasst von":"Andrea Anghileri","Gesch\u00e4tzte Lesezeit":"8\u00a0Minuten"},"schema":{"@context":"https:\/\/schema.org","@graph":[{"@type":"Article","@id":"https:\/\/www.konigchain.com\/de\/der-winter-steht-vor-der-tur-in-reisemobilen\/#article","isPartOf":{"@id":"https:\/\/www.konigchain.com\/de\/der-winter-steht-vor-der-tur-in-reisemobilen\/"},"author":{"name":"Andrea Anghileri","@id":"https:\/\/www.konigchain.com\/de\/#\/schema\/person\/4ddc5d8f1396dc7902607a08ad135055"},"headline":"Der Winter steht vor der T\u00fcr in&#8230; Reisemobilen!","datePublished":"2022-10-24T07:07:49+00:00","dateModified":"2025-05-28T14:58:30+00:00","mainEntityOfPage":{"@id":"https:\/\/www.konigchain.com\/de\/der-winter-steht-vor-der-tur-in-reisemobilen\/"},"wordCount":1711,"publisher":{"@id":"https:\/\/www.konigchain.com\/de\/#organization"},"image":{"@id":"https:\/\/www.konigchain.com\/de\/der-winter-steht-vor-der-tur-in-reisemobilen\/#primaryimage"},"thumbnailUrl":"https:\/\/www.konigchain.com\/wp-content\/uploads\/2022\/10\/Konig-XG-12-Pro_VAN-3-scaled.jpg","keywords":["consumer snow chains","motorhome snow chains","van snow chains","winter holidays motorhome"],"articleSection":["Products","Technology"],"inLanguage":"de"},{"@type":"WebPage","@id":"https:\/\/www.konigchain.com\/de\/der-winter-steht-vor-der-tur-in-reisemobilen\/","url":"https:\/\/www.konigchain.com\/de\/der-winter-steht-vor-der-tur-in-reisemobilen\/","name":"Der Winter steht vor der T\u00fcr in... Reisemobilen! - K\u00f6nig","isPartOf":{"@id":"https:\/\/www.konigchain.com\/de\/#website"},"primaryImageOfPage":{"@id":"https:\/\/www.konigchain.com\/de\/der-winter-steht-vor-der-tur-in-reisemobilen\/#primaryimage"},"image":{"@id":"https:\/\/www.konigchain.com\/de\/der-winter-steht-vor-der-tur-in-reisemobilen\/#primaryimage"},"thumbnailUrl":"https:\/\/www.konigchain.com\/wp-content\/uploads\/2022\/10\/Konig-XG-12-Pro_VAN-3-scaled.jpg","datePublished":"2022-10-24T07:07:49+00:00","dateModified":"2025-05-28T14:58:30+00:00","description":"Urlaub mit dem Wohnmobil kann das ganze Jahr \u00fcber gemacht werden, und auch in den k\u00e4lteren Monaten kann der Wunsch nach Freiheit voll ausgelebt werden, denn man kann sich bewegen, wohin man will, und den Urlaub genie\u00dfen.","breadcrumb":{"@id":"https:\/\/www.konigchain.com\/de\/der-winter-steht-vor-der-tur-in-reisemobilen\/#breadcrumb"},"inLanguage":"de","potentialAction":[{"@type":"ReadAction","target":["https:\/\/www.konigchain.com\/de\/der-winter-steht-vor-der-tur-in-reisemobilen\/"]}]},{"@type":"ImageObject","inLanguage":"de","@id":"https:\/\/www.konigchain.com\/de\/der-winter-steht-vor-der-tur-in-reisemobilen\/#primaryimage","url":"https:\/\/www.konigchain.com\/wp-content\/uploads\/2022\/10\/Konig-XG-12-Pro_VAN-3-scaled.jpg","contentUrl":"https:\/\/www.konigchain.com\/wp-content\/uploads\/2022\/10\/Konig-XG-12-Pro_VAN-3-scaled.jpg","width":2560,"height":1708},{"@type":"BreadcrumbList","@id":"https:\/\/www.konigchain.com\/de\/der-winter-steht-vor-der-tur-in-reisemobilen\/#breadcrumb","itemListElement":[{"@type":"ListItem","position":1,"name":"Home","item":"https:\/\/www.konigchain.com\/de\/"},{"@type":"ListItem","position":2,"name":"Der Winter steht vor der T\u00fcr in&#8230; Reisemobilen!"}]},{"@type":"WebSite","@id":"https:\/\/www.konigchain.com\/de\/#website","url":"https:\/\/www.konigchain.com\/de\/","name":"K\u00f6nig","description":"","publisher":{"@id":"https:\/\/www.konigchain.com\/de\/#organization"},"potentialAction":[{"@type":"SearchAction","target":{"@type":"EntryPoint","urlTemplate":"https:\/\/www.konigchain.com\/de\/?s={search_term_string}"},"query-input":{"@type":"PropertyValueSpecification","valueRequired":true,"valueName":"search_term_string"}}],"inLanguage":"de"},{"@type":"Organization","@id":"https:\/\/www.konigchain.com\/de\/#organization","name":"K\u00f6nig","url":"https:\/\/www.konigchain.com\/de\/","logo":{"@type":"ImageObject","inLanguage":"de","@id":"https:\/\/www.konigchain.com\/de\/#\/schema\/logo\/image\/","url":"https:\/\/www.konigchain.com\/wp-content\/uploads\/2023\/12\/logo-Konig-2016-BG.png","contentUrl":"https:\/\/www.konigchain.com\/wp-content\/uploads\/2023\/12\/logo-Konig-2016-BG.png","width":3508,"height":2480,"caption":"K\u00f6nig"},"image":{"@id":"https:\/\/www.konigchain.com\/de\/#\/schema\/logo\/image\/"}},{"@type":"Person","@id":"https:\/\/www.konigchain.com\/de\/#\/schema\/person\/4ddc5d8f1396dc7902607a08ad135055","name":"Andrea Anghileri","image":{"@type":"ImageObject","inLanguage":"de","@id":"https:\/\/www.konigchain.com\/de\/#\/schema\/person\/image\/","url":"https:\/\/secure.gravatar.com\/avatar\/1d07fb4ed69670d4ae14a633314ad513a6700c2008f7561c03d51bcef121dccc?s=96&d=mm&r=g","contentUrl":"https:\/\/secure.gravatar.com\/avatar\/1d07fb4ed69670d4ae14a633314ad513a6700c2008f7561c03d51bcef121dccc?s=96&d=mm&r=g","caption":"Andrea Anghileri"},"url":"https:\/\/www.konigchain.com\/de\/author\/andrea-anghileri\/"}]}},"_links":{"self":[{"href":"https:\/\/www.konigchain.com\/de\/wp-json\/wp\/v2\/posts\/20787","targetHints":{"allow":["GET"]}}],"collection":[{"href":"https:\/\/www.konigchain.com\/de\/wp-json\/wp\/v2\/posts"}],"about":[{"href":"https:\/\/www.konigchain.com\/de\/wp-json\/wp\/v2\/types\/post"}],"author":[{"embeddable":true,"href":"https:\/\/www.konigchain.com\/de\/wp-json\/wp\/v2\/users\/3"}],"replies":[{"embeddable":true,"href":"https:\/\/www.konigchain.com\/de\/wp-json\/wp\/v2\/comments?post=20787"}],"version-history":[{"count":5,"href":"https:\/\/www.konigchain.com\/de\/wp-json\/wp\/v2\/posts\/20787\/revisions"}],"predecessor-version":[{"id":58717,"href":"https:\/\/www.konigchain.com\/de\/wp-json\/wp\/v2\/posts\/20787\/revisions\/58717"}],"wp:featuredmedia":[{"embeddable":true,"href":"https:\/\/www.konigchain.com\/de\/wp-json\/wp\/v2\/media\/13979"}],"wp:attachment":[{"href":"https:\/\/www.konigchain.com\/de\/wp-json\/wp\/v2\/media?parent=20787"}],"wp:term":[{"taxonomy":"category","embeddable":true,"href":"https:\/\/www.konigchain.com\/de\/wp-json\/wp\/v2\/categories?post=20787"},{"taxonomy":"post_tag","embeddable":true,"href":"https:\/\/www.konigchain.com\/de\/wp-json\/wp\/v2\/tags?post=20787"}],"curies":[{"name":"wp","href":"https:\/\/api.w.org\/{rel}","templated":true}]}}